{"id":1220,"date":"2021-09-30T15:11:56","date_gmt":"2021-09-30T13:11:56","guid":{"rendered":"http:\/\/pcf08.com\/?p=1220"},"modified":"2021-09-30T15:11:56","modified_gmt":"2021-09-30T13:11:56","slug":"les-fausses-annonces-pour-les-aides-a-domicile","status":"publish","type":"post","link":"https:\/\/pcf08.com\/index.php\/2021\/09\/30\/les-fausses-annonces-pour-les-aides-a-domicile\/","title":{"rendered":"Les fausses annonces pour les aides \u00e0 domicile"},"content":{"rendered":"<p align=\"justify\"><img loading=\"lazy\" decoding=\"async\" class=\"size-medium wp-image-1221 alignleft\" src=\"https:\/\/pcf08.com\/wp-content\/uploads\/2021\/09\/aide\u00e0domicile-300x270.png\" alt=\"\" width=\"300\" height=\"270\" \/>Le Premier Ministre a anticip\u00e9 la pr\u00e9sentation du projet de loi de financement de la S\u00e9curit\u00e9 Sociale (PLFSS) 2022 avec des annonces en particulier pour les aides \u00e0 domicile. Ce PLFSS est le dernier du quinquennat et donc marqu\u00e9 d\u2019annonces pr\u00e9\u00e9lectorales\u00a0! Mais elles sont surtout de fa\u00e7ade\u00a0!<\/p>\n<p align=\"justify\">Apr\u00e8s avoir renonc\u00e9 \u00e0 une loi pour l\u2019autonomie le gouvernement ne reprend qu\u2019une seule des 175 recommandations formul\u00e9es par le rapport Libault de mars 2019, qui affichait pourtant une r\u00e9elle ambition pour une meilleure prise en charge de l\u2019autonomie. Mettre en place une tarification nationale plancher pour le secteur de l\u2019aide \u00e0 domicile est un progr\u00e8s et l\u2019inscription dans la loi est une bonne chose. Mais le taux de 22\u20ac \u00e9tait d\u00e9j\u00e0 d\u00e9pass\u00e9 par la moiti\u00e9 des d\u00e9partements\u00a0! Il faudrait qu\u2019il soit \u00e0 30 \u20ac pour tenir compte des n\u00e9cessaires revalorisations de salaires, de la prise en charge des frais de transport des aides \u00e0 domicile \u2026 Avec les annonces du gouvernement, il n\u2019est m\u00eame pas s\u00fbr que toutes les aides \u00e0 domicile en voient la traduction sur leur feuille de paye et les restes \u00e0 charge pour les familles pourraient s\u2019\u00e9lever\u00a0! Sans parler des finances des d\u00e9partements, encore sollicit\u00e9es davantage sans compensation\u00a0!<\/p>\n","protected":false},"excerpt":{"rendered":"<p>Le Premier Ministre a anticip\u00e9 la pr\u00e9sentation du projet de loi de financement de la S\u00e9curit\u00e9 Sociale (PLFSS) 2022 avec des annonces en particulier pour les aides \u00e0 domicile. Ce PLFSS est le dernier du quinquennat et donc marqu\u00e9 d\u2019annonces pr\u00e9\u00e9lectorales\u00a0! Mais elles sont surtout de fa\u00e7ade\u00a0! Apr\u00e8s avoir renonc\u00e9 \u00e0 une loi pour l\u2019autonomie [&hellip;]<\/p>\n","protected":false},"author":4,"featured_media":0,"comment_status":"closed","ping_status":"open","sticky":false,"template":"","format":"standard","meta":{"saved_in_kubio":false,"footnotes":""},"categories":[1],"tags":[],"class_list":["post-1220","post","type-post","status-publish","format-standard","hentry","category-non-classe"],"_links":{"self":[{"href":"https:\/\/pcf08.com\/index.php\/wp-json\/wp\/v2\/posts\/1220","targetHints":{"allow":["GET"]}}],"collection":[{"href":"https:\/\/pcf08.com\/index.php\/wp-json\/wp\/v2\/posts"}],"about":[{"href":"https:\/\/pcf08.com\/index.php\/wp-json\/wp\/v2\/types\/post"}],"author":[{"embeddable":true,"href":"https:\/\/pcf08.com\/index.php\/wp-json\/wp\/v2\/users\/4"}],"replies":[{"embeddable":true,"href":"https:\/\/pcf08.com\/index.php\/wp-json\/wp\/v2\/comments?post=1220"}],"version-history":[{"count":1,"href":"https:\/\/pcf08.com\/index.php\/wp-json\/wp\/v2\/posts\/1220\/revisions"}],"predecessor-version":[{"id":1222,"href":"https:\/\/pcf08.com\/index.php\/wp-json\/wp\/v2\/posts\/1220\/revisions\/1222"}],"wp:attachment":[{"href":"https:\/\/pcf08.com\/index.php\/wp-json\/wp\/v2\/media?parent=1220"}],"wp:term":[{"taxonomy":"category","embeddable":true,"href":"https:\/\/pcf08.com\/index.php\/wp-json\/wp\/v2\/categories?post=1220"},{"taxonomy":"post_tag","embeddable":true,"href":"https:\/\/pcf08.com\/index.php\/wp-json\/wp\/v2\/tags?post=1220"}],"curies":[{"name":"wp","href":"https:\/\/api.w.org\/{rel}","templated":true}]}}