{"id":1202,"date":"2021-09-23T11:36:23","date_gmt":"2021-09-23T09:36:23","guid":{"rendered":"http:\/\/pcf08.com\/?p=1202"},"modified":"2021-09-23T11:36:23","modified_gmt":"2021-09-23T09:36:23","slug":"la-republique-est-proclamee","status":"publish","type":"post","link":"https:\/\/pcf08.com\/index.php\/2021\/09\/23\/la-republique-est-proclamee\/","title":{"rendered":"La R\u00e9publique est proclam\u00e9e\u00a0!"},"content":{"rendered":"<p><img loading=\"lazy\" decoding=\"async\" class=\"size-medium wp-image-1203 alignleft\" src=\"https:\/\/pcf08.com\/wp-content\/uploads\/2021\/09\/R\u00e9volution-communiste-300x225.png\" alt=\"\" width=\"300\" height=\"225\" srcset=\"https:\/\/pcf08.com\/wp-content\/uploads\/2021\/09\/R\u00e9volution-communiste-300x225.png 300w, https:\/\/pcf08.com\/wp-content\/uploads\/2021\/09\/R\u00e9volution-communiste.png 768w\" sizes=\"(max-width: 300px) 100vw, 300px\" \/>En cette fin de septembre il est de rigueur de parler d\u2019Histoire mais surtout de f\u00eater les d\u00e9buts triomphants de la R\u00e9publique Fran\u00e7aise. En l\u2019espace de deux jours, les patriotes fran\u00e7ais ont inscrit dans l\u2019histoire du monde l\u2019av\u00e8nement d\u2019une nouvelle \u00e8re. Le 20 septembre 1792, ces derniers triomphent glorieusement face aux coalitions \u00e9trang\u00e8res qui souhaitaient alors le retour de la monarchie absolue lors de la Bataille de Valmy. C\u2019est l\u2019une des victoires les plus d\u00e9cisives de l\u2019histoire de France puisqu\u2019elle a permis \u00e0 la Convention Nationale d\u2019assoir sa l\u00e9gitimit\u00e9.<br \/>\n\u00ab De ce jour et de ce lieu date une \u00e8re nouvelle de l\u2019histoire du monde et vous pourrez dire : j\u2019y \u00e9tais. \u00bb disait Goethe.<br \/>\nC\u2019est alors le lendemain, le 21 septembre 1792, que le peuple de France par ses repr\u00e9sentants \u00e0 la Convention Nationale proclame l\u2019abolition de la royaut\u00e9 et ouvre la grande \u00e8re r\u00e9publicaine.<br \/>\nD\u00e9fendons la R\u00e9publique, et ensemble, construisons la R\u00e9publique sociale, d\u00e9mocratique et la\u00efque dont Robespierre, Saint-Just, Marat, Couthon et bien d\u2019autres ont pos\u00e9 les premi\u00e8res pierres.<br \/>\nEsteban EVRARD<\/p>\n","protected":false},"excerpt":{"rendered":"<p>En cette fin de septembre il est de rigueur de parler d\u2019Histoire mais surtout de f\u00eater les d\u00e9buts triomphants de la R\u00e9publique Fran\u00e7aise. En l\u2019espace de deux jours, les patriotes fran\u00e7ais ont inscrit dans l\u2019histoire du monde l\u2019av\u00e8nement d\u2019une nouvelle \u00e8re. Le 20 septembre 1792, ces derniers triomphent glorieusement face aux coalitions \u00e9trang\u00e8res qui souhaitaient [&hellip;]<\/p>\n","protected":false},"author":4,"featured_media":0,"comment_status":"closed","ping_status":"open","sticky":false,"template":"","format":"standard","meta":{"saved_in_kubio":false,"footnotes":""},"categories":[1],"tags":[],"class_list":["post-1202","post","type-post","status-publish","format-standard","hentry","category-non-classe"],"_links":{"self":[{"href":"https:\/\/pcf08.com\/index.php\/wp-json\/wp\/v2\/posts\/1202","targetHints":{"allow":["GET"]}}],"collection":[{"href":"https:\/\/pcf08.com\/index.php\/wp-json\/wp\/v2\/posts"}],"about":[{"href":"https:\/\/pcf08.com\/index.php\/wp-json\/wp\/v2\/types\/post"}],"author":[{"embeddable":true,"href":"https:\/\/pcf08.com\/index.php\/wp-json\/wp\/v2\/users\/4"}],"replies":[{"embeddable":true,"href":"https:\/\/pcf08.com\/index.php\/wp-json\/wp\/v2\/comments?post=1202"}],"version-history":[{"count":1,"href":"https:\/\/pcf08.com\/index.php\/wp-json\/wp\/v2\/posts\/1202\/revisions"}],"predecessor-version":[{"id":1204,"href":"https:\/\/pcf08.com\/index.php\/wp-json\/wp\/v2\/posts\/1202\/revisions\/1204"}],"wp:attachment":[{"href":"https:\/\/pcf08.com\/index.php\/wp-json\/wp\/v2\/media?parent=1202"}],"wp:term":[{"taxonomy":"category","embeddable":true,"href":"https:\/\/pcf08.com\/index.php\/wp-json\/wp\/v2\/categories?post=1202"},{"taxonomy":"post_tag","embeddable":true,"href":"https:\/\/pcf08.com\/index.php\/wp-json\/wp\/v2\/tags?post=1202"}],"curies":[{"name":"wp","href":"https:\/\/api.w.org\/{rel}","templated":true}]}}