{"id":1199,"date":"2021-09-23T11:34:53","date_gmt":"2021-09-23T09:34:53","guid":{"rendered":"http:\/\/pcf08.com\/?p=1199"},"modified":"2021-09-23T11:34:53","modified_gmt":"2021-09-23T09:34:53","slug":"site-deville-un-oubli-ou-un-desengagement","status":"publish","type":"post","link":"https:\/\/pcf08.com\/index.php\/2021\/09\/23\/site-deville-un-oubli-ou-un-desengagement\/","title":{"rendered":"Site Deville, un oubli ou un d\u00e9sengagement"},"content":{"rendered":"<p><img loading=\"lazy\" decoding=\"async\" class=\"size-medium wp-image-1200 alignright\" src=\"https:\/\/pcf08.com\/wp-content\/uploads\/2021\/09\/Deville-300x111.png\" alt=\"\" width=\"300\" height=\"111\" \/>La journ\u00e9e du patrimoine, ce week-end, a \u00e9t\u00e9 l\u2019occasion une nouvelle fois d\u2019affirmer la n\u00e9cessit\u00e9 de pr\u00e9server des sites historiques notamment industriels. A Charleville-M\u00e9zi\u00e8res nous comptons un riche patrimoine h\u00e9rit\u00e9 de l\u2019activit\u00e9 \u00e9conomique de la ville. A cette occasion plusieurs sites ont \u00e9t\u00e9 mis en valeur notamment celui de la Mac\u00e9rienne. Cependant, je regrette qu\u2019aucune d\u00e9marche n\u2019est \u00e9t\u00e9 faite concernant l\u2019ex usine Deville situ\u00e9e avenue Forest. Ces b\u00e2timents sont typiques des constructions industrielles de la fin du XIX\u00e8me si\u00e8cle. Celui-ci est \u00e0 conserver et \u00e0 mettre en valeur. Ce fleuron de l\u2019industrie m\u00e9tallurgique \u00e9tait la propri\u00e9t\u00e9 du Conseil D\u00e9partemental. Ce dernier doit indiquer o\u00f9 en est la reconversion du site. La vente du b\u00e2timent est-elle effectu\u00e9e et avec quel projet de transformation des locaux ?<br \/>\nEn tout \u00e9tat de cause un programme de maintien et de r\u00e9habilitation du b\u00e2timent Deville, 32 000 m\u00b2 en c\u0153ur de ville, doit \u00eatre engag\u00e9. Pour les journ\u00e9es du patrimoine 2022 le site Deville doit \u00eatre inclus dans les visites patrimoniales. Deville doit faire partie de la liste des b\u00e2timents \u00e0 pr\u00e9server.<br \/>\nSylvain Dalla-Rosa, Conseiller municipal communiste<\/p>\n","protected":false},"excerpt":{"rendered":"<p>La journ\u00e9e du patrimoine, ce week-end, a \u00e9t\u00e9 l\u2019occasion une nouvelle fois d\u2019affirmer la n\u00e9cessit\u00e9 de pr\u00e9server des sites historiques notamment industriels. A Charleville-M\u00e9zi\u00e8res nous comptons un riche patrimoine h\u00e9rit\u00e9 de l\u2019activit\u00e9 \u00e9conomique de la ville. A cette occasion plusieurs sites ont \u00e9t\u00e9 mis en valeur notamment celui de la Mac\u00e9rienne. Cependant, je regrette qu\u2019aucune [&hellip;]<\/p>\n","protected":false},"author":4,"featured_media":0,"comment_status":"closed","ping_status":"open","sticky":false,"template":"","format":"standard","meta":{"saved_in_kubio":false,"footnotes":""},"categories":[1],"tags":[],"class_list":["post-1199","post","type-post","status-publish","format-standard","hentry","category-non-classe"],"_links":{"self":[{"href":"https:\/\/pcf08.com\/index.php\/wp-json\/wp\/v2\/posts\/1199","targetHints":{"allow":["GET"]}}],"collection":[{"href":"https:\/\/pcf08.com\/index.php\/wp-json\/wp\/v2\/posts"}],"about":[{"href":"https:\/\/pcf08.com\/index.php\/wp-json\/wp\/v2\/types\/post"}],"author":[{"embeddable":true,"href":"https:\/\/pcf08.com\/index.php\/wp-json\/wp\/v2\/users\/4"}],"replies":[{"embeddable":true,"href":"https:\/\/pcf08.com\/index.php\/wp-json\/wp\/v2\/comments?post=1199"}],"version-history":[{"count":1,"href":"https:\/\/pcf08.com\/index.php\/wp-json\/wp\/v2\/posts\/1199\/revisions"}],"predecessor-version":[{"id":1201,"href":"https:\/\/pcf08.com\/index.php\/wp-json\/wp\/v2\/posts\/1199\/revisions\/1201"}],"wp:attachment":[{"href":"https:\/\/pcf08.com\/index.php\/wp-json\/wp\/v2\/media?parent=1199"}],"wp:term":[{"taxonomy":"category","embeddable":true,"href":"https:\/\/pcf08.com\/index.php\/wp-json\/wp\/v2\/categories?post=1199"},{"taxonomy":"post_tag","embeddable":true,"href":"https:\/\/pcf08.com\/index.php\/wp-json\/wp\/v2\/tags?post=1199"}],"curies":[{"name":"wp","href":"https:\/\/api.w.org\/{rel}","templated":true}]}}