{"id":1189,"date":"2021-09-16T12:16:53","date_gmt":"2021-09-16T10:16:53","guid":{"rendered":"http:\/\/pcf08.com\/?p=1189"},"modified":"2021-09-16T12:16:53","modified_gmt":"2021-09-16T10:16:53","slug":"festival-mondial-des-theatres-de-marionnettes","status":"publish","type":"post","link":"https:\/\/pcf08.com\/index.php\/2021\/09\/16\/festival-mondial-des-theatres-de-marionnettes\/","title":{"rendered":"Festival mondial des th\u00e9\u00e2tres de marionnettes"},"content":{"rendered":"<p align=\"justify\"><img loading=\"lazy\" decoding=\"async\" class=\"size-medium wp-image-1190 alignleft\" src=\"https:\/\/pcf08.com\/wp-content\/uploads\/2021\/09\/marionnette-212x300.jpg\" alt=\"\" width=\"212\" height=\"300\" srcset=\"https:\/\/pcf08.com\/wp-content\/uploads\/2021\/09\/marionnette-212x300.jpg 212w, https:\/\/pcf08.com\/wp-content\/uploads\/2021\/09\/marionnette.jpg 600w\" sizes=\"(max-width: 212px) 100vw, 212px\" \/>La 21\u00e8me \u00e9dition du festival mondial des th\u00e9\u00e2tres de marionnettes d\u00e9bute ce 17 septembre. Ce festival a fait la renomm\u00e9e de Charleville-M\u00e9zi\u00e8res et c\u2019est avec plaisir que l\u2019on voit s\u2019ouvrir cette p\u00e9riode d\u2019animation des rues de la ville pr\u00e9fecture, ce d\u00e9ferlement culturel\u00a0!<\/p>\n<p align=\"justify\">Le festival des marionnettes, c\u2019est aussi \u00e0 la bourse du travail, en lien avec la CGT. Plusieurs spectacles y seront propos\u00e9s, comme Peau d\u2019Ane par la compagnie \u00ab\u00a0On regardera par la fen\u00eatre\u00a0\u00bb, Le secret de Polichinelle par la compagnie \u00ab\u00a0Zouak\u00a0\u00bb, R\u00eavue et corrig\u00e9e par la brigade d\u2019Agitateurs de la jeunesse \u2013 la BAD\u2019J \u2026<\/p>\n<p align=\"justify\"><span style=\"font-family: Liberation Serif, serif;\"><span style=\"font-size: medium;\">Renseignement et r\u00e9servation \u00e0 l\u2019UD CGT ( 03 24 33 27 87)<\/span><\/span><\/p>\n","protected":false},"excerpt":{"rendered":"<p>La 21\u00e8me \u00e9dition du festival mondial des th\u00e9\u00e2tres de marionnettes d\u00e9bute ce 17 septembre. Ce festival a fait la renomm\u00e9e de Charleville-M\u00e9zi\u00e8res et c\u2019est avec plaisir que l\u2019on voit s\u2019ouvrir cette p\u00e9riode d\u2019animation des rues de la ville pr\u00e9fecture, ce d\u00e9ferlement culturel\u00a0! Le festival des marionnettes, c\u2019est aussi \u00e0 la bourse du travail, en lien [&hellip;]<\/p>\n","protected":false},"author":4,"featured_media":0,"comment_status":"closed","ping_status":"open","sticky":false,"template":"","format":"standard","meta":{"saved_in_kubio":false,"footnotes":""},"categories":[1],"tags":[],"class_list":["post-1189","post","type-post","status-publish","format-standard","hentry","category-non-classe"],"_links":{"self":[{"href":"https:\/\/pcf08.com\/index.php\/wp-json\/wp\/v2\/posts\/1189","targetHints":{"allow":["GET"]}}],"collection":[{"href":"https:\/\/pcf08.com\/index.php\/wp-json\/wp\/v2\/posts"}],"about":[{"href":"https:\/\/pcf08.com\/index.php\/wp-json\/wp\/v2\/types\/post"}],"author":[{"embeddable":true,"href":"https:\/\/pcf08.com\/index.php\/wp-json\/wp\/v2\/users\/4"}],"replies":[{"embeddable":true,"href":"https:\/\/pcf08.com\/index.php\/wp-json\/wp\/v2\/comments?post=1189"}],"version-history":[{"count":1,"href":"https:\/\/pcf08.com\/index.php\/wp-json\/wp\/v2\/posts\/1189\/revisions"}],"predecessor-version":[{"id":1191,"href":"https:\/\/pcf08.com\/index.php\/wp-json\/wp\/v2\/posts\/1189\/revisions\/1191"}],"wp:attachment":[{"href":"https:\/\/pcf08.com\/index.php\/wp-json\/wp\/v2\/media?parent=1189"}],"wp:term":[{"taxonomy":"category","embeddable":true,"href":"https:\/\/pcf08.com\/index.php\/wp-json\/wp\/v2\/categories?post=1189"},{"taxonomy":"post_tag","embeddable":true,"href":"https:\/\/pcf08.com\/index.php\/wp-json\/wp\/v2\/tags?post=1189"}],"curies":[{"name":"wp","href":"https:\/\/api.w.org\/{rel}","templated":true}]}}