{"id":1186,"date":"2021-09-16T12:15:34","date_gmt":"2021-09-16T10:15:34","guid":{"rendered":"http:\/\/pcf08.com\/?p=1186"},"modified":"2021-09-16T12:15:34","modified_gmt":"2021-09-16T10:15:34","slug":"au-conseil-regional-du-grand-est-les-salaries-sont-defendus-intervention-de-sandra-blaise-conseillere-regionale-pcf-a-la-commission-permanente-du-10-septembre-a-propos-du-pret-de-main-d","status":"publish","type":"post","link":"https:\/\/pcf08.com\/index.php\/2021\/09\/16\/au-conseil-regional-du-grand-est-les-salaries-sont-defendus-intervention-de-sandra-blaise-conseillere-regionale-pcf-a-la-commission-permanente-du-10-septembre-a-propos-du-pret-de-main-d\/","title":{"rendered":"Au Conseil r\u00e9gional du Grand Est, les salari\u00e9s sont d\u00e9fendus\u00a0! Intervention de Sandra Blaise, Conseill\u00e8re r\u00e9gionale PCF \u00e0 la commission permanente du 10 septembre \u00e0 propos du pr\u00eat de main d\u2019\u0153uvre"},"content":{"rendered":"<p align=\"justify\"><img loading=\"lazy\" decoding=\"async\" class=\"size-full wp-image-1187 alignleft\" src=\"https:\/\/pcf08.com\/wp-content\/uploads\/2021\/09\/sandra.jpg\" alt=\"\" width=\"180\" height=\"169\" \/>\u00ab\u00a0Nous voterons contre cette d\u00e9lib\u00e9ration en raison de notre opposition \u00e0 cette flexibilit\u00e9 tant vant\u00e9e par les d\u00e9fenseurs d\u2019un syst\u00e8me ultralib\u00e9ral qui, au final, laisse peu de place \u00e0 l\u2019humain.<\/p>\n<p align=\"justify\">Dans ce rapport, il est d\u00e9crit un monde idyllique de l\u2019entreprise dans lequel il n\u2019y aurait aucun rapport de pouvoir ou de subordination entre les employ\u00e9s et les employeurs. Permettez nous de le r\u00e9futer.<\/p>\n<p align=\"justify\">Il est aussi question d\u2019innovation, mais le pr\u00eat de main d\u2019\u0153uvre est un dispositif encadr\u00e9 par la loi depuis presque 10 ans. Il n\u2019a \u00e9t\u00e9 que peu utilis\u00e9 et a largement montr\u00e9 ses limites tant du c\u00f4t\u00e9 des employeurs que des employ\u00e9s.<\/p>\n<p align=\"justify\">Les chiffres de la premi\u00e8re exp\u00e9rimentation dans le rapport appuient mon propos.<\/p>\n<p align=\"justify\"><span style=\"font-family: Liberation Serif, serif;\"><span style=\"font-size: medium;\">Dans un contexte de reprise \u00e9conomique <span style=\"color: #9a6704;\">annonc\u00e9e<\/span> et de prise de conscience de l\u2019urgence \u00e0 engager des transitions \u00e9conomiques et \u00e9cologiques, ce dispositif est au mieux obsol\u00e8te, au pire inutile.\u00a0\u00bb<\/span><\/span><\/p>\n","protected":false},"excerpt":{"rendered":"<p>\u00ab\u00a0Nous voterons contre cette d\u00e9lib\u00e9ration en raison de notre opposition \u00e0 cette flexibilit\u00e9 tant vant\u00e9e par les d\u00e9fenseurs d\u2019un syst\u00e8me ultralib\u00e9ral qui, au final, laisse peu de place \u00e0 l\u2019humain. Dans ce rapport, il est d\u00e9crit un monde idyllique de l\u2019entreprise dans lequel il n\u2019y aurait aucun rapport de pouvoir ou de subordination entre les [&hellip;]<\/p>\n","protected":false},"author":4,"featured_media":0,"comment_status":"closed","ping_status":"open","sticky":false,"template":"","format":"standard","meta":{"saved_in_kubio":false,"footnotes":""},"categories":[1],"tags":[],"class_list":["post-1186","post","type-post","status-publish","format-standard","hentry","category-non-classe"],"_links":{"self":[{"href":"https:\/\/pcf08.com\/index.php\/wp-json\/wp\/v2\/posts\/1186","targetHints":{"allow":["GET"]}}],"collection":[{"href":"https:\/\/pcf08.com\/index.php\/wp-json\/wp\/v2\/posts"}],"about":[{"href":"https:\/\/pcf08.com\/index.php\/wp-json\/wp\/v2\/types\/post"}],"author":[{"embeddable":true,"href":"https:\/\/pcf08.com\/index.php\/wp-json\/wp\/v2\/users\/4"}],"replies":[{"embeddable":true,"href":"https:\/\/pcf08.com\/index.php\/wp-json\/wp\/v2\/comments?post=1186"}],"version-history":[{"count":1,"href":"https:\/\/pcf08.com\/index.php\/wp-json\/wp\/v2\/posts\/1186\/revisions"}],"predecessor-version":[{"id":1188,"href":"https:\/\/pcf08.com\/index.php\/wp-json\/wp\/v2\/posts\/1186\/revisions\/1188"}],"wp:attachment":[{"href":"https:\/\/pcf08.com\/index.php\/wp-json\/wp\/v2\/media?parent=1186"}],"wp:term":[{"taxonomy":"category","embeddable":true,"href":"https:\/\/pcf08.com\/index.php\/wp-json\/wp\/v2\/categories?post=1186"},{"taxonomy":"post_tag","embeddable":true,"href":"https:\/\/pcf08.com\/index.php\/wp-json\/wp\/v2\/tags?post=1186"}],"curies":[{"name":"wp","href":"https:\/\/api.w.org\/{rel}","templated":true}]}}