{"id":1177,"date":"2021-09-16T12:06:39","date_gmt":"2021-09-16T10:06:39","guid":{"rendered":"http:\/\/pcf08.com\/?p=1177"},"modified":"2021-09-16T12:06:39","modified_gmt":"2021-09-16T10:06:39","slug":"le-quinquennat-de-la-pauvrete","status":"publish","type":"post","link":"https:\/\/pcf08.com\/index.php\/2021\/09\/16\/le-quinquennat-de-la-pauvrete\/","title":{"rendered":"Le quinquennat de la pauvret\u00e9"},"content":{"rendered":"<p align=\"justify\">1 Fran\u00e7ais sur 5 est en situation de pauvret\u00e9. Cette \u00e9valuation est d&rsquo;autant plus inqui\u00e9tante qu&rsquo;elle est bas\u00e9e sur des donn\u00e9es recueillies avant la pand\u00e9mie.<\/p>\n<p align=\"justify\">Non seulement les pauvres souffrent d&rsquo;un manque d&rsquo;argent mais les conditions de vie qui vont avec sont extr\u00eamement d\u00e9grad\u00e9es. Ces populations ont des difficult\u00e9s de logement, loyer, factures contraintes \u00e0 payer comme l&rsquo;\u00e9nergie, mais en plus, ils ne peuvent faire face \u00e0 une d\u00e9pense impr\u00e9vue et encore moins partir en vacances. Les plus fragilis\u00e9es sont les familles monoparentales et \u00e9videmment les m\u00e9nages touch\u00e9s par le ch\u00f4mage. Ils cumulent la pauvret\u00e9 mon\u00e9taire et mat\u00e9rielle.<\/p>\n<p align=\"justify\">Dans le m\u00eame temps, la bourse d\u00e9passe de 10% son niveau d&rsquo;avant\u00a0! Le capital n&rsquo;a pas subi la crise, au contraire\u00a0, il n&rsquo;a jamais cumul\u00e9 autant de profits\u00a0!<\/p>\n<p align=\"justify\">Mais, il en veut toujours plus d&rsquo;o\u00f9 la r\u00e9forme des retraites remise sur le tapis et voulue par les financiers dont notre pr\u00e9sident est le principal VRP.<\/p>\n<p align=\"justify\">Dans ce contexte, l&#8217;emploi et les salaires sont la priorit\u00e9 des communistes sans oublier le partage des richesses que les plus grosses fortunes s&rsquo;attribuent sans vergogne. Nous revendiquons un salaire minimum \u00e0 1 800 euros brut et du travail pour toutes et tous avec les 32 heures hebdomadaires.<\/p>\n<p align=\"justify\">Soyons plus que jamais combatifs en cette p\u00e9riode et pl\u00e9biscitons le candidat des Jours Heureux!<\/p>\n","protected":false},"excerpt":{"rendered":"<p>1 Fran\u00e7ais sur 5 est en situation de pauvret\u00e9. Cette \u00e9valuation est d&rsquo;autant plus inqui\u00e9tante qu&rsquo;elle est bas\u00e9e sur des donn\u00e9es recueillies avant la pand\u00e9mie. Non seulement les pauvres souffrent d&rsquo;un manque d&rsquo;argent mais les conditions de vie qui vont avec sont extr\u00eamement d\u00e9grad\u00e9es. Ces populations ont des difficult\u00e9s de logement, loyer, factures contraintes \u00e0 [&hellip;]<\/p>\n","protected":false},"author":4,"featured_media":0,"comment_status":"closed","ping_status":"open","sticky":false,"template":"","format":"standard","meta":{"saved_in_kubio":false,"footnotes":""},"categories":[1],"tags":[],"class_list":["post-1177","post","type-post","status-publish","format-standard","hentry","category-non-classe"],"_links":{"self":[{"href":"https:\/\/pcf08.com\/index.php\/wp-json\/wp\/v2\/posts\/1177","targetHints":{"allow":["GET"]}}],"collection":[{"href":"https:\/\/pcf08.com\/index.php\/wp-json\/wp\/v2\/posts"}],"about":[{"href":"https:\/\/pcf08.com\/index.php\/wp-json\/wp\/v2\/types\/post"}],"author":[{"embeddable":true,"href":"https:\/\/pcf08.com\/index.php\/wp-json\/wp\/v2\/users\/4"}],"replies":[{"embeddable":true,"href":"https:\/\/pcf08.com\/index.php\/wp-json\/wp\/v2\/comments?post=1177"}],"version-history":[{"count":1,"href":"https:\/\/pcf08.com\/index.php\/wp-json\/wp\/v2\/posts\/1177\/revisions"}],"predecessor-version":[{"id":1178,"href":"https:\/\/pcf08.com\/index.php\/wp-json\/wp\/v2\/posts\/1177\/revisions\/1178"}],"wp:attachment":[{"href":"https:\/\/pcf08.com\/index.php\/wp-json\/wp\/v2\/media?parent=1177"}],"wp:term":[{"taxonomy":"category","embeddable":true,"href":"https:\/\/pcf08.com\/index.php\/wp-json\/wp\/v2\/categories?post=1177"},{"taxonomy":"post_tag","embeddable":true,"href":"https:\/\/pcf08.com\/index.php\/wp-json\/wp\/v2\/tags?post=1177"}],"curies":[{"name":"wp","href":"https:\/\/api.w.org\/{rel}","templated":true}]}}