{"id":1144,"date":"2021-07-29T12:42:04","date_gmt":"2021-07-29T10:42:04","guid":{"rendered":"http:\/\/pcf08.com\/?p=1144"},"modified":"2021-07-29T12:42:04","modified_gmt":"2021-07-29T10:42:04","slug":"maintien-des-repas-u-a-1-euro-pour-les-etudiants","status":"publish","type":"post","link":"https:\/\/pcf08.com\/index.php\/2021\/07\/29\/maintien-des-repas-u-a-1-euro-pour-les-etudiants\/","title":{"rendered":"Maintien des repas U \u00e0 1 euro pour les \u00e9tudiants"},"content":{"rendered":"<p>Depuis des ann\u00e9es nous alertons sur la pr\u00e9carisation grandissante des \u00e9tudiantes et \u00e9tudiants de notre pays. Depuis plus d\u2019un an nous alertons sur l\u2019explosion du mal-\u00eatre de ces derniers d\u00fb \u00e0 la crise sanitaire.<br \/>\nA la suite d\u2019une forte mobilisation \u00e9tudiante \u00e0 l\u2019initiative de l\u2019Union des \u00c9tudiants Communistes nous avions arrach\u00e9 une mesure : les Repas U \u00e0 1\u20ac pour toutes et tous. Bien qu\u2019insuffisante, cette mesure conquise permettait de pallier \u00e0 minima la pr\u00e9carit\u00e9 \u00e9tudiante. Rappelons tout de m\u00eame que depuis la crise sanitaire, nombre d\u2019entre eux sont dans l\u2019obligation de se tourner vers les organismes d\u2019aide alimentaire.<br \/>\nNous avons appris qu\u2019\u00e0 la rentr\u00e9e prochaine, le caract\u00e8re universaliste de cette mesure dite \u00ab d\u2019exception \u00bb sera supprim\u00e9. Nous disons \u00e0 Fr\u00e9d\u00e9rique Vidal que la pr\u00e9carit\u00e9 \u00e9tudiante, elle, n\u2019est pas exceptionnelle, elle grandit de jour en jour depuis de nombreuses ann\u00e9es. Ce n\u2019est pas la rentr\u00e9e qui mettra fin \u00e0 la pr\u00e9carit\u00e9 et qui signera la sortie de crise.<br \/>\nNous contestons cette annonce indigne, qui plonge les \u00e9tudiantes et \u00e9tudiants dans une pr\u00e9carit\u00e9 toujours plus forte et qui est un obstacle \u00e0 leur r\u00e9ussite. Nous rappelons que l\u2019\u00c9tat se doit de soutenir les jeunes, l\u2019avenir de notre pays.<br \/>\nNous exigeons le maintien des Repas U \u00e0 1\u20ac et nous appelons \u00e0 un investissement massif dans le CROUS afin d\u2019ouvrir des restaurants universitaires sur le territoire, notamment \u00e0 proximit\u00e9 des lieux d\u2019\u00e9tudes et des r\u00e9sidences \u00e9tudiantes.<br \/>\nC\u2019est en donnant des moyens aux services publics que nous pallierons la pr\u00e9carit\u00e9 \u00e9tudiante !<\/p>\n","protected":false},"excerpt":{"rendered":"<p>Depuis des ann\u00e9es nous alertons sur la pr\u00e9carisation grandissante des \u00e9tudiantes et \u00e9tudiants de notre pays. Depuis plus d\u2019un an nous alertons sur l\u2019explosion du mal-\u00eatre de ces derniers d\u00fb \u00e0 la crise sanitaire. A la suite d\u2019une forte mobilisation \u00e9tudiante \u00e0 l\u2019initiative de l\u2019Union des \u00c9tudiants Communistes nous avions arrach\u00e9 une mesure : les [&hellip;]<\/p>\n","protected":false},"author":4,"featured_media":0,"comment_status":"closed","ping_status":"open","sticky":false,"template":"","format":"standard","meta":{"saved_in_kubio":false,"footnotes":""},"categories":[1],"tags":[],"class_list":["post-1144","post","type-post","status-publish","format-standard","hentry","category-non-classe"],"_links":{"self":[{"href":"https:\/\/pcf08.com\/index.php\/wp-json\/wp\/v2\/posts\/1144","targetHints":{"allow":["GET"]}}],"collection":[{"href":"https:\/\/pcf08.com\/index.php\/wp-json\/wp\/v2\/posts"}],"about":[{"href":"https:\/\/pcf08.com\/index.php\/wp-json\/wp\/v2\/types\/post"}],"author":[{"embeddable":true,"href":"https:\/\/pcf08.com\/index.php\/wp-json\/wp\/v2\/users\/4"}],"replies":[{"embeddable":true,"href":"https:\/\/pcf08.com\/index.php\/wp-json\/wp\/v2\/comments?post=1144"}],"version-history":[{"count":1,"href":"https:\/\/pcf08.com\/index.php\/wp-json\/wp\/v2\/posts\/1144\/revisions"}],"predecessor-version":[{"id":1145,"href":"https:\/\/pcf08.com\/index.php\/wp-json\/wp\/v2\/posts\/1144\/revisions\/1145"}],"wp:attachment":[{"href":"https:\/\/pcf08.com\/index.php\/wp-json\/wp\/v2\/media?parent=1144"}],"wp:term":[{"taxonomy":"category","embeddable":true,"href":"https:\/\/pcf08.com\/index.php\/wp-json\/wp\/v2\/categories?post=1144"},{"taxonomy":"post_tag","embeddable":true,"href":"https:\/\/pcf08.com\/index.php\/wp-json\/wp\/v2\/tags?post=1144"}],"curies":[{"name":"wp","href":"https:\/\/api.w.org\/{rel}","templated":true}]}}