{"id":1132,"date":"2021-07-01T14:31:04","date_gmt":"2021-07-01T12:31:04","guid":{"rendered":"http:\/\/pcf08.com\/?p=1132"},"modified":"2021-07-01T14:31:04","modified_gmt":"2021-07-01T12:31:04","slug":"trois-conseillers-regionaux-pcf-dans-le-grand-est","status":"publish","type":"post","link":"https:\/\/pcf08.com\/index.php\/2021\/07\/01\/trois-conseillers-regionaux-pcf-dans-le-grand-est\/","title":{"rendered":"Trois conseillers r\u00e9gionaux PCF dans le Grand Est"},"content":{"rendered":"<p align=\"justify\"><span style=\"font-family: Liberation Serif, serif;\"><span style=\"font-size: medium;\"><img loading=\"lazy\" decoding=\"async\" class=\"size-medium wp-image-1133 alignright\" src=\"https:\/\/pcf08.com\/wp-content\/uploads\/2021\/07\/Urne-300x157.jpg\" alt=\"\" width=\"300\" height=\"157\" \/>L\u2019effondrement d\u00e9mocratique que symbolisent les \u00e9lections d\u00e9partementales et r\u00e9gionales mobilise les communistes pour r\u00e9sister \u00e0 la soumission du pouvoir ex\u00e9cutif au capital et pour placer au c\u0153ur du d\u00e9bat politique les r\u00e9ponses aux besoins fondamentaux du peuple de France. Il est urgent de promouvoir une d\u00e9mocratie nouvelle, avec de nouveaux pouvoirs et de nouvelles institutions, afin que les citoyens et les salari\u00e9s puissent d\u00e9cider.<\/span><\/span><\/p>\n<p align=\"justify\"><span style=\"font-family: Liberation Serif, serif;\"><span style=\"font-size: medium;\">Le PCF se f\u00e9licite du succ\u00e8s de ses candidates et candidats et des forces de gauche et \u00e9cologistes rassembl\u00e9es, qui remportent cinq des treize r\u00e9gions m\u00e9tropolitaines, de la magnifique victoire \u00e0 La R\u00e9union de notre camarade Huguette Bello, de Gabriel Serville en Guyane, et de la r\u00e9\u00e9lection de majorit\u00e9s de gauche dans les d\u00e9partements. Nous remercions les \u00e9lectrices et les \u00e9lecteurs qui ont permis ces succ\u00e8s qui conduisent nationalement \u00e0 un doublement du nombre de conseillers r\u00e9gionaux communistes, passant de 29 \u00e0 62 \u00e9lus, et \u00e0 l\u2019entr\u00e9e d\u2019\u00e9lus communistes dans 17 conseils d\u00e9partementaux o\u00f9 nous \u00e9tions absents. Ces r\u00e9sultats constituent une progression in\u00e9dite pour le PCF au scrutin r\u00e9gional depuis de nombreuses ann\u00e9es et une extension de notre implantation d\u00e9partementale. Le PCF reste la troisi\u00e8me force politique en implantation d\u2019\u00e9lus locaux sur l\u2019ensemble du territoire national. Bravo \u00e0 tous les \u00e9lus communistes \u00e0 ces scrutins.<\/span><\/span><\/p>\n<p align=\"justify\"><span style=\"font-family: Liberation Serif, serif;\"><span style=\"font-size: medium;\">Dans le Grand Est, c\u2019est aussi un retour des communistes dans l\u2019h\u00e9micycle r\u00e9gional avec 3 \u00e9lus\u00a0: Sandra Blaise (Vosges), Bora Yilmaz (Meurthe et Moselle) et H\u00fclliya Turan (CEA). <\/span><\/span><\/p>\n<p align=\"right\"><span style=\"font-family: Liberation Serif, serif;\"><span style=\"font-size: medium;\"><i>Esteban Evrard<\/i><\/span><\/span><\/p>\n","protected":false},"excerpt":{"rendered":"<p>L\u2019effondrement d\u00e9mocratique que symbolisent les \u00e9lections d\u00e9partementales et r\u00e9gionales mobilise les communistes pour r\u00e9sister \u00e0 la soumission du pouvoir ex\u00e9cutif au capital et pour placer au c\u0153ur du d\u00e9bat politique les r\u00e9ponses aux besoins fondamentaux du peuple de France. Il est urgent de promouvoir une d\u00e9mocratie nouvelle, avec de nouveaux pouvoirs et de nouvelles institutions, [&hellip;]<\/p>\n","protected":false},"author":4,"featured_media":0,"comment_status":"closed","ping_status":"open","sticky":false,"template":"","format":"standard","meta":{"saved_in_kubio":false,"footnotes":""},"categories":[1],"tags":[],"class_list":["post-1132","post","type-post","status-publish","format-standard","hentry","category-non-classe"],"_links":{"self":[{"href":"https:\/\/pcf08.com\/index.php\/wp-json\/wp\/v2\/posts\/1132","targetHints":{"allow":["GET"]}}],"collection":[{"href":"https:\/\/pcf08.com\/index.php\/wp-json\/wp\/v2\/posts"}],"about":[{"href":"https:\/\/pcf08.com\/index.php\/wp-json\/wp\/v2\/types\/post"}],"author":[{"embeddable":true,"href":"https:\/\/pcf08.com\/index.php\/wp-json\/wp\/v2\/users\/4"}],"replies":[{"embeddable":true,"href":"https:\/\/pcf08.com\/index.php\/wp-json\/wp\/v2\/comments?post=1132"}],"version-history":[{"count":2,"href":"https:\/\/pcf08.com\/index.php\/wp-json\/wp\/v2\/posts\/1132\/revisions"}],"predecessor-version":[{"id":1139,"href":"https:\/\/pcf08.com\/index.php\/wp-json\/wp\/v2\/posts\/1132\/revisions\/1139"}],"wp:attachment":[{"href":"https:\/\/pcf08.com\/index.php\/wp-json\/wp\/v2\/media?parent=1132"}],"wp:term":[{"taxonomy":"category","embeddable":true,"href":"https:\/\/pcf08.com\/index.php\/wp-json\/wp\/v2\/categories?post=1132"},{"taxonomy":"post_tag","embeddable":true,"href":"https:\/\/pcf08.com\/index.php\/wp-json\/wp\/v2\/tags?post=1132"}],"curies":[{"name":"wp","href":"https:\/\/api.w.org\/{rel}","templated":true}]}}