{"id":113,"date":"2020-01-27T18:44:16","date_gmt":"2020-01-27T17:44:16","guid":{"rendered":"http:\/\/pcf08.com\/?p=113"},"modified":"2020-01-27T18:44:16","modified_gmt":"2020-01-27T17:44:16","slug":"vite-un-centre-de-sante-municipal-a-charleville-mezieres","status":"publish","type":"post","link":"https:\/\/pcf08.com\/index.php\/2020\/01\/27\/vite-un-centre-de-sante-municipal-a-charleville-mezieres\/","title":{"rendered":"VITE : UN CENTRE DE SANTE MUNICIPAL A CHARLEVILLE-MEZIERES"},"content":{"rendered":"<p>Le manque d\u2019ophtalmologues d\u00e9fraye r\u00e9guli\u00e8rement la chronique locale. L\u2019installation en cours d\u2019un nouveau m\u00e9decin a traduit en chiffres les attentes : 4000 demandes de rendez-vous dans la premi\u00e8re journ\u00e9e. Et pourtant, si l\u2019ARS et le maire se f\u00e9licitent de cette installation, ils feraient mieux de se taire et de ne pas s\u2019en attribuer les lauriers, car il y a un gros hic ! Ce professionnel s\u2019est install\u00e9 en secteur II, le secteur des honoraires libres !<br \/>\nAvec le manque de m\u00e9decins g\u00e9n\u00e9ralistes, ceci rend particuli\u00e8rement justifi\u00e9e et urgente dans sa mise en \u0153uvre la proposition d\u2019un centre de sant\u00e9 municipal port\u00e9e par la liste \u00ab Une ville pour tous \u00bb men\u00e9e par notre camarade Sylvain Dalla-Rosa aux prochaines \u00e9lections municipales.<br \/>\nRappelons de quoi il s\u2019agit : regrouper des m\u00e9decins g\u00e9n\u00e9ralistes et d\u2019autres professionnels de sant\u00e9 (infirmi\u00e8res, kin\u00e9 \u2026 mais aussi m\u00e9decins sp\u00e9cialistes), avec un statut de salari\u00e9, pratiquant le tiers payant int\u00e9gral. Le salariat et le travail en \u00e9quipe plaisent aux jeunes g\u00e9n\u00e9rations et cette formule permet des recrutements, l\u00e0 o\u00f9 trouver un m\u00e9decin paraissait d\u00e9sesp\u00e9r\u00e9. Le centre de sant\u00e9 s\u2019organise autour d\u2019un projet avec en particulier le d\u00e9veloppement d\u2019actions de pr\u00e9vention et la volont\u00e9 de r\u00e9pondre aux besoins : c\u2019est \u00e0 dire que bien \u00e9videmment, il n\u2019entrera pas en concurrence avec ce qui fonctionne d\u00e9j\u00e0 <\/p>\n","protected":false},"excerpt":{"rendered":"<p>Le manque d\u2019ophtalmologues d\u00e9fraye r\u00e9guli\u00e8rement la chronique locale. L\u2019installation en cours d\u2019un nouveau m\u00e9decin a traduit en chiffres les attentes : 4000 demandes de rendez-vous dans la premi\u00e8re journ\u00e9e. Et pourtant, si l\u2019ARS et le maire se f\u00e9licitent de cette installation, ils feraient mieux de se taire et de ne pas s\u2019en attribuer les lauriers, [&hellip;]<\/p>\n","protected":false},"author":1,"featured_media":0,"comment_status":"open","ping_status":"open","sticky":false,"template":"","format":"standard","meta":{"saved_in_kubio":false,"footnotes":""},"categories":[1],"tags":[],"class_list":["post-113","post","type-post","status-publish","format-standard","hentry","category-non-classe"],"_links":{"self":[{"href":"https:\/\/pcf08.com\/index.php\/wp-json\/wp\/v2\/posts\/113","targetHints":{"allow":["GET"]}}],"collection":[{"href":"https:\/\/pcf08.com\/index.php\/wp-json\/wp\/v2\/posts"}],"about":[{"href":"https:\/\/pcf08.com\/index.php\/wp-json\/wp\/v2\/types\/post"}],"author":[{"embeddable":true,"href":"https:\/\/pcf08.com\/index.php\/wp-json\/wp\/v2\/users\/1"}],"replies":[{"embeddable":true,"href":"https:\/\/pcf08.com\/index.php\/wp-json\/wp\/v2\/comments?post=113"}],"version-history":[{"count":1,"href":"https:\/\/pcf08.com\/index.php\/wp-json\/wp\/v2\/posts\/113\/revisions"}],"predecessor-version":[{"id":114,"href":"https:\/\/pcf08.com\/index.php\/wp-json\/wp\/v2\/posts\/113\/revisions\/114"}],"wp:attachment":[{"href":"https:\/\/pcf08.com\/index.php\/wp-json\/wp\/v2\/media?parent=113"}],"wp:term":[{"taxonomy":"category","embeddable":true,"href":"https:\/\/pcf08.com\/index.php\/wp-json\/wp\/v2\/categories?post=113"},{"taxonomy":"post_tag","embeddable":true,"href":"https:\/\/pcf08.com\/index.php\/wp-json\/wp\/v2\/tags?post=113"}],"curies":[{"name":"wp","href":"https:\/\/api.w.org\/{rel}","templated":true}]}}