{"id":1129,"date":"2021-07-01T14:28:40","date_gmt":"2021-07-01T12:28:40","guid":{"rendered":"http:\/\/pcf08.com\/?p=1129"},"modified":"2021-07-01T14:31:41","modified_gmt":"2021-07-01T12:31:41","slug":"gagarine","status":"publish","type":"post","link":"https:\/\/pcf08.com\/index.php\/2021\/07\/01\/gagarine\/","title":{"rendered":"\u00ab\u00a0Gagarine\u00a0\u00bb\u00a0!"},"content":{"rendered":"<p align=\"justify\"><span style=\"font-family: Liberation Serif, serif;\"><span style=\"font-size: medium;\"><img loading=\"lazy\" decoding=\"async\" class=\"size-medium wp-image-1130 alignleft\" src=\"https:\/\/pcf08.com\/wp-content\/uploads\/2021\/07\/gagarine-225x300.jpg\" alt=\"\" width=\"225\" height=\"300\" \/>C&rsquo;est un film pour m\u00e9moire qui rend hommage aux militants associatifs, aux r\u00eaveurs et aux incompris.<\/span><\/span><\/p>\n<p align=\"justify\"><span style=\"font-family: Liberation Serif, serif;\"><span style=\"font-size: medium;\">Gagarine \u00e9tait une cit\u00e9 d&rsquo;Ivry-sur-Seine dans le Val-de-Marne qui est aujourd&rsquo;hui d\u00e9molie. Ce film qui lui est d\u00e9di\u00e9 a \u00e9t\u00e9 \u00e9crit et tourn\u00e9 avec ses habitants avant son \u00e9vacuation. Le regain d&rsquo;activit\u00e9 associative a beaucoup aid\u00e9 les deux r\u00e9alisateurs, Fanny Liatard et J\u00e9r\u00e9my Trouilh.<\/span><\/span><\/p>\n<p align=\"justify\"><span style=\"font-family: Liberation Serif, serif;\"><span style=\"font-size: medium;\">Les habitants, apr\u00e8s quelques craintes, ont compris que le but de ce film \u00e9tait de les valoriser. Du coup, ils ont particip\u00e9 avec beaucoup d&rsquo;enthousiasme, notamment aux sc\u00e8nes collectives.<\/span><\/span><\/p>\n<p align=\"justify\"><span style=\"font-family: Liberation Serif, serif;\"><span style=\"font-size: medium;\">A l&rsquo;\u00e9poque, le PCF a suivi Youri Gagarine qui a inaugur\u00e9 la cit\u00e9 mais qui a aussi fait le tour de la banlieue rouge pour donner son nom \u00e0 des stades, des piscines et des \u00e9coles.<\/span><\/span><\/p>\n<p align=\"justify\"><span style=\"font-family: Liberation Serif, serif;\"><span style=\"font-size: medium;\">Cet immeuble o\u00f9 les gens ont eu acc\u00e8s \u00e0 l&rsquo;eau chaude et au chauffage, symbolise le r\u00eave spatial, le progr\u00e8s et l&rsquo;utopie d&rsquo;une \u00e9poque. Les utopies se concr\u00e9tisaient avec l&rsquo;id\u00e9e de vivre ensemble dans un confort moderne avec des gens m\u00e9lang\u00e9s et justement, les personnages principaux, c&rsquo;est la mixit\u00e9\u00a0: un adolescent noir qui r\u00eave d&rsquo;espace, une Rom et une Maghr\u00e9bine.<\/span><\/span><\/p>\n<p align=\"justify\"><span style=\"font-family: Liberation Serif, serif;\"><span style=\"font-size: medium;\">La cit\u00e9 Gagarine n&rsquo;est plus, le relogement s&rsquo;est bien pass\u00e9.<\/span><\/span><\/p>\n<p align=\"justify\"><span style=\"font-family: Liberation Serif, serif;\"><span style=\"font-size: medium;\">Les r\u00e9alisateurs de ce film ont essay\u00e9 de d\u00e9caler le regard de la surm\u00e9diatisation des probl\u00e8mes de violences et de trafics pour montrer la force et la beaut\u00e9 des lieux qui rendent fiers et heureux des habitants qui, du coup, sont pr\u00eats \u00e0 les d\u00e9fendre.<\/span><\/span><\/p>\n<p align=\"justify\"><span style=\"font-family: Liberation Serif, serif;\"><span style=\"font-size: medium;\">La conclusion de la r\u00e9alisatrice\u00a0: \u00ab\u00a0si des r\u00e9cits multiples naissent et qu&rsquo;en plus, politiquement, on prend soin de ces territoires, peut-\u00eatre que les choses pourront-elles aller un peu mieux\u00a0\u00bb.<\/span><\/span><\/p>\n","protected":false},"excerpt":{"rendered":"<p>C&rsquo;est un film pour m\u00e9moire qui rend hommage aux militants associatifs, aux r\u00eaveurs et aux incompris. Gagarine \u00e9tait une cit\u00e9 d&rsquo;Ivry-sur-Seine dans le Val-de-Marne qui est aujourd&rsquo;hui d\u00e9molie. Ce film qui lui est d\u00e9di\u00e9 a \u00e9t\u00e9 \u00e9crit et tourn\u00e9 avec ses habitants avant son \u00e9vacuation. Le regain d&rsquo;activit\u00e9 associative a beaucoup aid\u00e9 les deux r\u00e9alisateurs, [&hellip;]<\/p>\n","protected":false},"author":4,"featured_media":0,"comment_status":"closed","ping_status":"open","sticky":false,"template":"","format":"standard","meta":{"saved_in_kubio":false,"footnotes":""},"categories":[1],"tags":[],"class_list":["post-1129","post","type-post","status-publish","format-standard","hentry","category-non-classe"],"_links":{"self":[{"href":"https:\/\/pcf08.com\/index.php\/wp-json\/wp\/v2\/posts\/1129","targetHints":{"allow":["GET"]}}],"collection":[{"href":"https:\/\/pcf08.com\/index.php\/wp-json\/wp\/v2\/posts"}],"about":[{"href":"https:\/\/pcf08.com\/index.php\/wp-json\/wp\/v2\/types\/post"}],"author":[{"embeddable":true,"href":"https:\/\/pcf08.com\/index.php\/wp-json\/wp\/v2\/users\/4"}],"replies":[{"embeddable":true,"href":"https:\/\/pcf08.com\/index.php\/wp-json\/wp\/v2\/comments?post=1129"}],"version-history":[{"count":1,"href":"https:\/\/pcf08.com\/index.php\/wp-json\/wp\/v2\/posts\/1129\/revisions"}],"predecessor-version":[{"id":1131,"href":"https:\/\/pcf08.com\/index.php\/wp-json\/wp\/v2\/posts\/1129\/revisions\/1131"}],"wp:attachment":[{"href":"https:\/\/pcf08.com\/index.php\/wp-json\/wp\/v2\/media?parent=1129"}],"wp:term":[{"taxonomy":"category","embeddable":true,"href":"https:\/\/pcf08.com\/index.php\/wp-json\/wp\/v2\/categories?post=1129"},{"taxonomy":"post_tag","embeddable":true,"href":"https:\/\/pcf08.com\/index.php\/wp-json\/wp\/v2\/tags?post=1129"}],"curies":[{"name":"wp","href":"https:\/\/api.w.org\/{rel}","templated":true}]}}