{"id":111,"date":"2020-01-27T18:40:03","date_gmt":"2020-01-27T17:40:03","guid":{"rendered":"http:\/\/pcf08.com\/?p=111"},"modified":"2020-01-27T18:40:03","modified_gmt":"2020-01-27T17:40:03","slug":"cevital-chimere-ou-veritable-projet","status":"publish","type":"post","link":"https:\/\/pcf08.com\/index.php\/2020\/01\/27\/cevital-chimere-ou-veritable-projet\/","title":{"rendered":"CEVITAL, chim\u00e8re ou v\u00e9ritable projet"},"content":{"rendered":"<div id=\"pl-111\"  class=\"panel-layout\" ><div id=\"pg-111-0\"  class=\"panel-grid panel-no-style\" ><div id=\"pgc-111-0-0\"  class=\"panel-grid-cell\" ><div id=\"panel-111-0-0-0\" class=\"so-panel widget widget_sow-editor panel-first-child\" data-index=\"0\" ><div\n\t\t\t\n\t\t\tclass=\"so-widget-sow-editor so-widget-sow-editor-base\"\n\t\t\t\n\t\t>\n<div class=\"siteorigin-widget-tinymce textwidget\">\n\t<p>Lors de son d\u00e9placement \u00e0 Charleville-M\u00e9zi\u00e8res, en novembre 2018, E.Macron avait annonc\u00e9 l\u2019implantation sur le site de PSA aux Ayvelles d\u2019une usine de traitement de l\u2019eau par le groupe alg\u00e9rien CEVITAL. La promesse d\u2019un investissement de quelques 250 millions d\u2019euros et la cr\u00e9ation, \u00e0 termes, d\u2019un millier d\u2019emplois avaient \u00e9t\u00e9 annonc\u00e9s. Sauf que ni Macron ni le PDG alg\u00e9rien de CEVITAL, Issad Rebrab, n\u2019avaient pr\u00e9vu les manifestations contre le pouvoir alg\u00e9rien et l\u2019emprisonnement du dirigeant de CEVITAL pour fraude fiscale. Cette condamnation a refroidi plusieurs responsables ardennais qui s\u2019\u00e9taient appropri\u00e9s le projet. D\u00e9sormais ils le prennent avec des pincettes.<br \/>Aujourd\u2019hui I.Rebrab est lib\u00e9r\u00e9 mais reste inculp\u00e9. Le projet va t-il reprendre d\u2019autant qu\u2019il \u00e9tait port\u00e9 par la soci\u00e9t\u00e9 EvCon (filiale de CEVITAL) qui est \u00e9galement dans la tourmente judiciaire et vient de se voir signifier une amende de 20 millions pour faux et usage de faux?<br \/>Tout le monde souhaite que le projet voit le jour mais il doit s\u2019\u00e9laborer sur des bases claires. Actuellement aucun investissement n\u2019a \u00e9t\u00e9 r\u00e9alis\u00e9 sur le site PSA sauf quelques caisses qui tra\u00eenent dans le local que doit occuper EvCon.<br \/>Les Ardennes ont trop souffertes de patrons voyous et il est n\u00e9cessaire, avant que l\u2019argent public aille abonder cette implantation, d\u2019obtenir des garanties. Un courrier du PCF au Pr\u00e9sident de la R\u00e9publique, en ao\u00fbt 2019, demandait que les experts de l\u2019\u00c9lys\u00e9e accompagnent ce projet. Les promesses n\u2019engagent que ceux qui y croient dit le dicton c\u2019est pourquoi il faut \u00eatre vigilants pour leurs r\u00e9alisations.<\/p>\n<\/div>\n<\/div><\/div><\/div><\/div><\/div>","protected":false},"excerpt":{"rendered":"<p>Lors de son d\u00e9placement \u00e0 Charleville-M\u00e9zi\u00e8res, en novembre 2018, E.Macron avait annonc\u00e9 l\u2019implantation sur le site de PSA aux Ayvelles d\u2019une usine de traitement de l\u2019eau par le groupe alg\u00e9rien CEVITAL. La promesse d\u2019un investissement de quelques 250 millions d\u2019euros et la cr\u00e9ation, \u00e0 termes, d\u2019un millier d\u2019emplois avaient \u00e9t\u00e9 annonc\u00e9s. Sauf que ni Macron [&hellip;]<\/p>\n","protected":false},"author":1,"featured_media":0,"comment_status":"open","ping_status":"open","sticky":false,"template":"","format":"standard","meta":{"saved_in_kubio":false,"footnotes":""},"categories":[1],"tags":[],"class_list":["post-111","post","type-post","status-publish","format-standard","hentry","category-non-classe"],"_links":{"self":[{"href":"https:\/\/pcf08.com\/index.php\/wp-json\/wp\/v2\/posts\/111","targetHints":{"allow":["GET"]}}],"collection":[{"href":"https:\/\/pcf08.com\/index.php\/wp-json\/wp\/v2\/posts"}],"about":[{"href":"https:\/\/pcf08.com\/index.php\/wp-json\/wp\/v2\/types\/post"}],"author":[{"embeddable":true,"href":"https:\/\/pcf08.com\/index.php\/wp-json\/wp\/v2\/users\/1"}],"replies":[{"embeddable":true,"href":"https:\/\/pcf08.com\/index.php\/wp-json\/wp\/v2\/comments?post=111"}],"version-history":[{"count":1,"href":"https:\/\/pcf08.com\/index.php\/wp-json\/wp\/v2\/posts\/111\/revisions"}],"predecessor-version":[{"id":112,"href":"https:\/\/pcf08.com\/index.php\/wp-json\/wp\/v2\/posts\/111\/revisions\/112"}],"wp:attachment":[{"href":"https:\/\/pcf08.com\/index.php\/wp-json\/wp\/v2\/media?parent=111"}],"wp:term":[{"taxonomy":"category","embeddable":true,"href":"https:\/\/pcf08.com\/index.php\/wp-json\/wp\/v2\/categories?post=111"},{"taxonomy":"post_tag","embeddable":true,"href":"https:\/\/pcf08.com\/index.php\/wp-json\/wp\/v2\/tags?post=111"}],"curies":[{"name":"wp","href":"https:\/\/api.w.org\/{rel}","templated":true}]}}